{"id":92,"date":"2012-11-22T13:09:36","date_gmt":"2012-11-22T12:09:36","guid":{"rendered":"http:\/\/www.effjott.de\/?p=92"},"modified":"2012-11-22T13:11:02","modified_gmt":"2012-11-22T12:11:02","slug":"naturtonveredelung","status":"publish","type":"post","link":"https:\/\/www.effjott.de\/?p=92","title":{"rendered":"Naturtonveredelung !?"},"content":{"rendered":"<p>Was ist damit gemeint?<br \/>\nEs gibt Farbveredelnde Produkte, die speziell f\u00fcr M\u00e4nnerhaare gedacht sind.<br \/>\nz.B. <a href=\"http:\/\/www.kpss-globe.com\/index.php?PAGE_ID=17981#\" target=\"_blank\">Reshade<\/a><\/a> von der Firma Goldwell.<\/p>\n<p>Die Merkmale liegen in folgenden Punkten:<br \/>\n-Ascht\u00f6ne und keinerlei Rott\u00f6ne. Die Farben sind im absoluten Naturbereich von Mittelbraun bis hellblond.<br \/>\n-Kurze Einwirkzeit von 5 Minuten.<br \/>\n-Absolut nat\u00fcrliche Ergebnisse, sovern im passenden Naturton angewendet . Mann wird nicht sofort angesprochen, ob man sich die Haare gef\u00e4rbt hat. (man denke an Ex-Kanzler Schr\u00f6der)<br \/>\n-Sch\u00f6ner Glanz im Haar<br \/>\n-wird als Schaum durch einen Aplikator aufgetragen.<br \/>\n-Produkt deckt nicht 100% die wei\u00dfen Haare ab. (vielleicht das einzige Minus, daf\u00fcr wirkt es nat\u00fcrlich)<\/p>\n","protected":false},"excerpt":{"rendered":"<p>Was ist damit gemeint? Es gibt Farbveredelnde Produkte, die speziell f\u00fcr M\u00e4nnerhaare gedacht sind. z.B. Reshade von der Firma Goldwell. Die Merkmale liegen in folgenden Punkten: -Ascht\u00f6ne und keinerlei Rott\u00f6ne. Die Farben sind im absoluten Naturbereich von Mittelbraun bis hellblond. -Kurze Einwirkzeit von 5 Minuten. -Absolut nat\u00fcrliche Ergebnisse, sovern im passenden Naturton angewendet . Mann &hellip; <a href=\"https:\/\/www.effjott.de\/?p=92\" class=\"more-link\"><span class=\"screen-reader-text\">Naturtonveredelung !?<\/span> weiterlesen<\/a><\/p>\n","protected":false},"author":1,"featured_media":0,"comment_status":"open","ping_status":"open","sticky":false,"template":"","format":"standard","meta":{"footnotes":""},"categories":[8],"tags":[],"class_list":["post-92","post","type-post","status-publish","format-standard","hentry","category-vom-fach"],"_links":{"self":[{"href":"https:\/\/www.effjott.de\/index.php?rest_route=\/wp\/v2\/posts\/92","targetHints":{"allow":["GET"]}}],"collection":[{"href":"https:\/\/www.effjott.de\/index.php?rest_route=\/wp\/v2\/posts"}],"about":[{"href":"https:\/\/www.effjott.de\/index.php?rest_route=\/wp\/v2\/types\/post"}],"author":[{"embeddable":true,"href":"https:\/\/www.effjott.de\/index.php?rest_route=\/wp\/v2\/users\/1"}],"replies":[{"embeddable":true,"href":"https:\/\/www.effjott.de\/index.php?rest_route=%2Fwp%2Fv2%2Fcomments&post=92"}],"version-history":[{"count":4,"href":"https:\/\/www.effjott.de\/index.php?rest_route=\/wp\/v2\/posts\/92\/revisions"}],"predecessor-version":[{"id":96,"href":"https:\/\/www.effjott.de\/index.php?rest_route=\/wp\/v2\/posts\/92\/revisions\/96"}],"wp:attachment":[{"href":"https:\/\/www.effjott.de\/index.php?rest_route=%2Fwp%2Fv2%2Fmedia&parent=92"}],"wp:term":[{"taxonomy":"category","embeddable":true,"href":"https:\/\/www.effjott.de\/index.php?rest_route=%2Fwp%2Fv2%2Fcategories&post=92"},{"taxonomy":"post_tag","embeddable":true,"href":"https:\/\/www.effjott.de\/index.php?rest_route=%2Fwp%2Fv2%2Ftags&post=92"}],"curies":[{"name":"wp","href":"https:\/\/api.w.org\/{rel}","templated":true}]}}