{"id":754,"date":"2022-03-06T10:10:29","date_gmt":"2022-03-06T09:10:29","guid":{"rendered":"https:\/\/www.effjott.de\/?p=754"},"modified":"2023-02-19T21:11:49","modified_gmt":"2023-02-19T20:11:49","slug":"kolleg-e-n-in-en-gesucht","status":"publish","type":"post","link":"https:\/\/www.effjott.de\/?p=754","title":{"rendered":"Kolleg\/e\/n\/in\/en gesucht"},"content":{"rendered":"\n<p>Gibt es f\u00fcr&nbsp;<strong>64293 Darmstadt<\/strong>&nbsp;und Umgebung&nbsp;<strong>Friseurmeister:in:en<\/strong>, die\/der gerne in einer Gemeinschaft, mit mir, selbst\u00e4ndig und unabh\u00e4ngig arbeiten m\u00f6chten?<br>Ob Du nun den ganzen Raum oder nur einen Bereich oder Stuhl mietest, dar\u00fcber k\u00f6nnen wir uns in Ruhe unterhalten. Ob Du dich zum ersten Mal selbst\u00e4ndig machst, die Selbstst\u00e4ndigkeit wieder aufnehmen m\u00f6chtest oder Fusionieren, Dich ver\u00e4ndern, Dich verkleinern, vergr\u00f6\u00dfern m\u00f6chtest, spielt keine gro\u00dfe Rolle.<br>Genauso k\u00f6nnen wir uns \u00fcber die Mietdauer unterhalten. Auf Deine eigenen Kosten kannst du den Raum auch gerne selbst gestalten, wie Du ihn gerne h\u00e4ttest.<br>Einige Kosten k\u00f6nnten geteilt werden, andere Kosten wiederum gerecht abgerechnet werden.<br>Jeder von uns arbeitet unabh\u00e4ngig voneinander auf eigene Kasse, meldet sein eigenes Gewerbe an, versichert sich selbst, und zahlt auch seine Rechnungen und Steuerverpflichtungen selbst.<br><br>Das Gesch\u00e4ft besteht seit fast 60 Jahren und ist noch funktionell eingerichtet. Es ist weder Abstands- noch Provisionszahlungen n\u00f6tig! Man kann ohne Investition in die Einrichtung, seine Selbstst\u00e4ndigkeit beginnen. Es besteht keine Markenbindung.<br>Der bisher als Damensalon genutzte Bereich ist r\u00e4umlich abgetrennt. Es gibt dort 9 Bedienungspl\u00e4tze, R\u00fcckw\u00e4rts-Waschbecken, ein Vorw\u00e4rts-Waschbecken, Climazon-Ger\u00e4t und Trockenhauben stehen zur Verf\u00fcgung.<br>Eine Mixecke mit Regalen f\u00fcr Haarfarben ect., sowie einen Wartebereich f\u00fcr Kunden:innen. Ein Aufenthaltsbereich mit K\u00fchlschrank ist ebenfalls vorhanden. Kundenparkpl\u00e4tze direkt vor dem Ladengesch\u00e4ft, Haltestellen in wenigen Minuten erreichbar. Autobahnauf- und abfahrt sind schnell erreichbar, 15 Minuten zu Fu\u00df oder 2 Bushaltestellen vom Hauptbahnhof Darmstadt entfernt. Das Gesch\u00e4ft befindet sich in einem wachsenden Wohn- und Gewerbegebiet.<\/p>\n\n\n\n<p>Ich selbst bin seit 1985 als Friseur in dem Gesch\u00e4ft t\u00e4tig, und seit 25 Jahren selbstst\u00e4ndig. Bis letztes Jahr f\u00fchrte ich das Gesch\u00e4ft mit meiner Schwester als unabh\u00e4ngige Partnerin. Sie ist in den verdienten Ruhestand gegangen. Gerne kann ich, sofern gew\u00fcnscht, beratend zur Seite stehen. Meine Kundschaft besteht zur Zeit aus 90% M\u00e4nnerkunden. Potentielle Kundschaft ist also definitiv auch f\u00fcr Dich vorhanden.<br><br>Deine \u00d6ffnungs-\/Arbeitszeiten kannst Du, innerhalb der gesetzlichen \u00d6ffnungszeiten, frei gestalten. Den Umfang Deiner Arbeitszeit kannst du somit frei gestalten. Deine Preisliste kannst Du so gestalten wie Du m\u00f6chtest.<\/p>\n\n\n\n<p>Bei bestehenden Interesse und Fragen, kannst Du gerne unverbindlich Kontakt aufnehmen.<br>Wir k\u00f6nnen uns gerne \u00fcber alles weitere Unterhalten.<\/p>\n\n\n\n<p>Weiterer Platz w\u00e4re auch f\u00fcr ein Nagelstudio oder \u00c4hnliches. Voraussetzung ist auch hierbei Selbstst\u00e4ndigkeit und ggf. berufliche Qualifikation.<\/p>\n\n\n\n<p>Kontakt: <a href=\"mailto:fj@h-werk.de\">Frank J\u00e4hrling<\/a>, Tel: 0 61 51 \/ 82 44 02, eMail: <a href=\"mailto:frank@jaehrling.de\">frank@jaehrling.de<\/a><\/p>\n","protected":false},"excerpt":{"rendered":"<p>Gibt es f\u00fcr&nbsp;64293 Darmstadt&nbsp;und Umgebung&nbsp;Friseurmeister:in:en, die\/der gerne in einer Gemeinschaft, mit mir, selbst\u00e4ndig und unabh\u00e4ngig arbeiten m\u00f6chten?Ob Du nun den ganzen Raum oder nur einen Bereich oder Stuhl mietest, dar\u00fcber k\u00f6nnen wir uns in Ruhe unterhalten. Ob Du dich zum ersten Mal selbst\u00e4ndig machst, die Selbstst\u00e4ndigkeit wieder aufnehmen m\u00f6chtest oder Fusionieren, Dich ver\u00e4ndern, Dich verkleinern, &hellip; <a href=\"https:\/\/www.effjott.de\/?p=754\" class=\"more-link\"><span class=\"screen-reader-text\">Kolleg\/e\/n\/in\/en gesucht<\/span> weiterlesen<\/a><\/p>\n","protected":false},"author":1,"featured_media":0,"comment_status":"open","ping_status":"open","sticky":false,"template":"","format":"standard","meta":{"footnotes":""},"categories":[1,8],"tags":[],"class_list":["post-754","post","type-post","status-publish","format-standard","hentry","category-allgemein","category-vom-fach"],"_links":{"self":[{"href":"https:\/\/www.effjott.de\/index.php?rest_route=\/wp\/v2\/posts\/754","targetHints":{"allow":["GET"]}}],"collection":[{"href":"https:\/\/www.effjott.de\/index.php?rest_route=\/wp\/v2\/posts"}],"about":[{"href":"https:\/\/www.effjott.de\/index.php?rest_route=\/wp\/v2\/types\/post"}],"author":[{"embeddable":true,"href":"https:\/\/www.effjott.de\/index.php?rest_route=\/wp\/v2\/users\/1"}],"replies":[{"embeddable":true,"href":"https:\/\/www.effjott.de\/index.php?rest_route=%2Fwp%2Fv2%2Fcomments&post=754"}],"version-history":[{"count":2,"href":"https:\/\/www.effjott.de\/index.php?rest_route=\/wp\/v2\/posts\/754\/revisions"}],"predecessor-version":[{"id":872,"href":"https:\/\/www.effjott.de\/index.php?rest_route=\/wp\/v2\/posts\/754\/revisions\/872"}],"wp:attachment":[{"href":"https:\/\/www.effjott.de\/index.php?rest_route=%2Fwp%2Fv2%2Fmedia&parent=754"}],"wp:term":[{"taxonomy":"category","embeddable":true,"href":"https:\/\/www.effjott.de\/index.php?rest_route=%2Fwp%2Fv2%2Fcategories&post=754"},{"taxonomy":"post_tag","embeddable":true,"href":"https:\/\/www.effjott.de\/index.php?rest_route=%2Fwp%2Fv2%2Ftags&post=754"}],"curies":[{"name":"wp","href":"https:\/\/api.w.org\/{rel}","templated":true}]}}